{"id":4762,"date":"2024-09-18T15:12:26","date_gmt":"2024-09-18T12:12:26","guid":{"rendered":"https:\/\/jak.fi\/participaremos-en-la-feria-de-maquinaria-agricola\/"},"modified":"2025-04-01T09:56:31","modified_gmt":"2025-04-01T06:56:31","slug":"participaremos-en-la-feria-de-maquinaria-agricola","status":"publish","type":"post","link":"https:\/\/jak.fi\/es\/participaremos-en-la-feria-de-maquinaria-agricola\/","title":{"rendered":"\u00a1Participaremos en la Feria de Maquinaria Agr\u00edcola!"},"content":{"rendered":"\n<div class=\"wp-block-media-text is-stacked-on-mobile has-white-background-color has-background\"><figure class=\"wp-block-media-text__media\"><img loading=\"lazy\" decoding=\"async\" width=\"1000\" height=\"667\" src=\"https:\/\/jak.fi\/wp-content\/uploads\/2024\/09\/maatalouskonemessut-olemme-mukana-JAK.jpg\" alt=\"\" class=\"wp-image-2010 size-full\" srcset=\"https:\/\/jak.fi\/wp-content\/uploads\/2024\/09\/maatalouskonemessut-olemme-mukana-JAK.jpg 1000w, https:\/\/jak.fi\/wp-content\/uploads\/2024\/09\/maatalouskonemessut-olemme-mukana-JAK-700x467.jpg 700w, https:\/\/jak.fi\/wp-content\/uploads\/2024\/09\/maatalouskonemessut-olemme-mukana-JAK-768x512.jpg 768w, https:\/\/jak.fi\/wp-content\/uploads\/2024\/09\/maatalouskonemessut-olemme-mukana-JAK-800x534.jpg 800w\" sizes=\"auto, (max-width: 1000px) 100vw, 1000px\" \/><\/figure><div class=\"wp-block-media-text__content\">\n<p>MaatalousKonemessut tarjoavat j\u00e4lleen upean tilaisuuden tutustua maatalouden huipputeknologiaan, alan asiantuntijoihin ja luoda arvokkaita verkostoja. Meill\u00e4 on ilo esitell\u00e4 messuilla <strong><a href=\"https:\/\/jak.fi\/energiakourat-kaivinkoneisiin\/\">nelj\u00e4nnen suk<\/a><a href=\"https:\/\/jak.fi\/energiakourat-kaivinkoneisiin\/\" target=\"_blank\" rel=\"noreferrer noopener\">upolven JAK-energiakourat<\/a><\/strong> sek\u00e4 innovatiivinen <strong><a href=\"https:\/\/jak.fi\/eboost-hydraulijarjestelma-mullisti-energiapuukourat\/\" target=\"_blank\" rel=\"noreferrer noopener\">eBoost\u00ae-hydrauliikkaj\u00e4rjestelm\u00e4<\/a><\/strong>. T\u00e4m\u00e4 edistynyt j\u00e4rjestelm\u00e4 kaksinkertaistaa energiapuukouran nopeuden ilman tehoh\u00e4vikki\u00e4 ja toimii tehokkaasti jopa matalapaineisilla koneilla tai pienemm\u00e4ll\u00e4 \u00f6ljyn virtauksella.<\/p>\n<\/div><\/div>\n\n<h3 class=\"wp-block-heading\">\u00a1Ven a descubrir la revoluci\u00f3n de la eficacia y la rapidez en nuestro stand 1B29!<\/h3>\n\n<p>Este evento es la oportunidad perfecta para profundizar tus conocimientos sobre las \u00faltimas innovaciones en agricultura, comparar productos y encontrar soluciones que satisfagan tus necesidades. Con expositores de empresas l\u00edderes en el sector, la ayuda de expertos est\u00e1 siempre a tu alcance. <\/p>\n\n<p>El tema principal de la feria de este a\u00f1o es \u00abAtraer y retener a los agricultores\u00bb, y en agosto se publicar\u00e1 un programa m\u00e1s detallado. Te espera una variada gama de expositores del sector que aportar\u00e1n las \u00faltimas tecnolog\u00edas y soluciones para que la agricultura sea m\u00e1s eficiente y eficaz. <\/p>\n\n<h3 class=\"wp-block-heading\"><strong>\u00bfQu\u00e9 puedes esperar?<\/strong><\/h3>\n\n<p>En la feria ver\u00e1s las \u00faltimas m\u00e1quinas, equipos y tecnolog\u00edas que podr\u00edan revolucionar tu agricultura. Tanto si te interesan las t\u00e9cnicas agr\u00edcolas m\u00e1s eficientes como la maquinaria forestal o las soluciones energ\u00e9ticas, AgriMachinery te ofrece todo esto y mucho m\u00e1s. <\/p>\n\n<h3 class=\"wp-block-heading\"><strong>\u00bfCu\u00e1ndo y d\u00f3nde?<\/strong><\/h3>\n\n<p><a href=\"https:\/\/maatalouskone.messukeskus.com\/\" target=\"_blank\" rel=\"noreferrer noopener\">MaatalousKonemessut <\/a>se celebrar\u00e1 del 17 al 19 de octubre de 2024 en el Centro de Exposiciones de Helsinki. <\/p>\n\n<p><strong>Nos encontrar\u00e1s en el stand 1B29. \u00a1Nos vemos all\u00ed!<\/strong><\/p>\n","protected":false},"excerpt":{"rendered":"<p>MaatalousKonemessut tarjoavat j\u00e4lleen upean tilaisuuden tutustua maatalouden huipputeknologiaan, alan asiantuntijoihin ja luoda arvokkaita verkostoja. Meill\u00e4 on ilo esitell\u00e4 messuilla nelj\u00e4nnen sukupolven JAK-energiakourat sek\u00e4 innovatiivinen eBoost\u00ae-hydrauliikkaj\u00e4rjestelm\u00e4. T\u00e4m\u00e4 edistynyt j\u00e4rjestelm\u00e4 kaksinkertaistaa energiapuukouran nopeuden ilman tehoh\u00e4vikki\u00e4 ja toimii tehokkaasti jopa matalapaineisilla koneilla tai pienemm\u00e4ll\u00e4 \u00f6ljyn virtauksella. \u00a1Ven a descubrir la revoluci\u00f3n de la eficacia y la rapidez en [&hellip;]<\/p>\n","protected":false},"author":2,"featured_media":4763,"comment_status":"closed","ping_status":"closed","sticky":false,"template":"","format":"standard","meta":{"_acf_changed":false,"footnotes":""},"categories":[572],"tags":[577,579],"class_list":["post-4762","post","type-post","status-publish","format-standard","has-post-thumbnail","hentry","category-sin-categorizar","tag-eboost-es","tag-jak-metalli-es"],"acf":[],"yoast_head":"<!-- This site is optimized with the Yoast SEO plugin v27.3 - https:\/\/yoast.com\/product\/yoast-seo-wordpress\/ -->\n<title>\u00a1Participaremos en la Feria de Maquinaria Agr\u00edcola! &#8211; JAK-Metalli Oy<\/title>\n<meta name=\"robots\" content=\"index, follow, max-snippet:-1, max-image-preview:large, max-video-preview:-1\" \/>\n<link rel=\"canonical\" href=\"https:\/\/jak.fi\/es\/participaremos-en-la-feria-de-maquinaria-agricola\/\" \/>\n<meta property=\"og:locale\" content=\"es_ES\" \/>\n<meta property=\"og:type\" content=\"article\" \/>\n<meta property=\"og:title\" content=\"\u00a1Participaremos en la Feria de Maquinaria Agr\u00edcola! &#8211; JAK-Metalli Oy\" \/>\n<meta property=\"og:description\" content=\"MaatalousKonemessut tarjoavat j\u00e4lleen upean tilaisuuden tutustua maatalouden huipputeknologiaan, alan asiantuntijoihin ja luoda arvokkaita verkostoja. Meill\u00e4 on ilo esitell\u00e4 messuilla nelj\u00e4nnen sukupolven JAK-energiakourat sek\u00e4 innovatiivinen eBoost\u00ae-hydrauliikkaj\u00e4rjestelm\u00e4. T\u00e4m\u00e4 edistynyt j\u00e4rjestelm\u00e4 kaksinkertaistaa energiapuukouran nopeuden ilman tehoh\u00e4vikki\u00e4 ja toimii tehokkaasti jopa matalapaineisilla koneilla tai pienemm\u00e4ll\u00e4 \u00f6ljyn virtauksella. \u00a1Ven a descubrir la revoluci\u00f3n de la eficacia y la rapidez en [&hellip;]\" \/>\n<meta property=\"og:url\" content=\"https:\/\/jak.fi\/es\/participaremos-en-la-feria-de-maquinaria-agricola\/\" \/>\n<meta property=\"og:site_name\" content=\"JAK-Metalli Oy\" \/>\n<meta property=\"article:publisher\" content=\"https:\/\/www.facebook.com\/jaktreeshears\" \/>\n<meta property=\"article:published_time\" content=\"2024-09-18T12:12:26+00:00\" \/>\n<meta property=\"article:modified_time\" content=\"2025-04-01T06:56:31+00:00\" \/>\n<meta property=\"og:image\" content=\"https:\/\/jak.fi\/wp-content\/uploads\/2024\/09\/maatalouskonemessut-olemme-mukana-JAK.jpg\" \/>\n\t<meta property=\"og:image:width\" content=\"1000\" \/>\n\t<meta property=\"og:image:height\" content=\"667\" \/>\n\t<meta property=\"og:image:type\" content=\"image\/jpeg\" \/>\n<meta name=\"author\" content=\"Kimmo\" \/>\n<meta name=\"twitter:card\" content=\"summary_large_image\" \/>\n<meta name=\"twitter:label1\" content=\"Escrito por\" \/>\n\t<meta name=\"twitter:data1\" content=\"Kimmo\" \/>\n\t<meta name=\"twitter:label2\" content=\"Tiempo de lectura\" \/>\n\t<meta name=\"twitter:data2\" content=\"1 minuto\" \/>\n<script type=\"application\/ld+json\" class=\"yoast-schema-graph\">{\"@context\":\"https:\\\/\\\/schema.org\",\"@graph\":[{\"@type\":\"Article\",\"@id\":\"https:\\\/\\\/jak.fi\\\/es\\\/participaremos-en-la-feria-de-maquinaria-agricola\\\/#article\",\"isPartOf\":{\"@id\":\"https:\\\/\\\/jak.fi\\\/es\\\/participaremos-en-la-feria-de-maquinaria-agricola\\\/\"},\"author\":{\"name\":\"Kimmo\",\"@id\":\"https:\\\/\\\/jak.fi\\\/es\\\/#\\\/schema\\\/person\\\/27ec2540104a038c5ab97bccdf213fe6\"},\"headline\":\"\u00a1Participaremos en la Feria de Maquinaria Agr\u00edcola!\",\"datePublished\":\"2024-09-18T12:12:26+00:00\",\"dateModified\":\"2025-04-01T06:56:31+00:00\",\"mainEntityOfPage\":{\"@id\":\"https:\\\/\\\/jak.fi\\\/es\\\/participaremos-en-la-feria-de-maquinaria-agricola\\\/\"},\"wordCount\":256,\"publisher\":{\"@id\":\"https:\\\/\\\/jak.fi\\\/es\\\/#organization\"},\"image\":{\"@id\":\"https:\\\/\\\/jak.fi\\\/es\\\/participaremos-en-la-feria-de-maquinaria-agricola\\\/#primaryimage\"},\"thumbnailUrl\":\"https:\\\/\\\/jak.fi\\\/wp-content\\\/uploads\\\/2024\\\/09\\\/maatalouskonemessut-olemme-mukana-JAK.jpg\",\"keywords\":[\"eboost\",\"JAK-Metalli\"],\"articleSection\":[\"Sin categorizar\"],\"inLanguage\":\"es\"},{\"@type\":\"WebPage\",\"@id\":\"https:\\\/\\\/jak.fi\\\/es\\\/participaremos-en-la-feria-de-maquinaria-agricola\\\/\",\"url\":\"https:\\\/\\\/jak.fi\\\/es\\\/participaremos-en-la-feria-de-maquinaria-agricola\\\/\",\"name\":\"\u00a1Participaremos en la Feria de Maquinaria Agr\u00edcola! &#8211; JAK-Metalli Oy\",\"isPartOf\":{\"@id\":\"https:\\\/\\\/jak.fi\\\/es\\\/#website\"},\"primaryImageOfPage\":{\"@id\":\"https:\\\/\\\/jak.fi\\\/es\\\/participaremos-en-la-feria-de-maquinaria-agricola\\\/#primaryimage\"},\"image\":{\"@id\":\"https:\\\/\\\/jak.fi\\\/es\\\/participaremos-en-la-feria-de-maquinaria-agricola\\\/#primaryimage\"},\"thumbnailUrl\":\"https:\\\/\\\/jak.fi\\\/wp-content\\\/uploads\\\/2024\\\/09\\\/maatalouskonemessut-olemme-mukana-JAK.jpg\",\"datePublished\":\"2024-09-18T12:12:26+00:00\",\"dateModified\":\"2025-04-01T06:56:31+00:00\",\"breadcrumb\":{\"@id\":\"https:\\\/\\\/jak.fi\\\/es\\\/participaremos-en-la-feria-de-maquinaria-agricola\\\/#breadcrumb\"},\"inLanguage\":\"es\",\"potentialAction\":[{\"@type\":\"ReadAction\",\"target\":[\"https:\\\/\\\/jak.fi\\\/es\\\/participaremos-en-la-feria-de-maquinaria-agricola\\\/\"]}]},{\"@type\":\"ImageObject\",\"inLanguage\":\"es\",\"@id\":\"https:\\\/\\\/jak.fi\\\/es\\\/participaremos-en-la-feria-de-maquinaria-agricola\\\/#primaryimage\",\"url\":\"https:\\\/\\\/jak.fi\\\/wp-content\\\/uploads\\\/2024\\\/09\\\/maatalouskonemessut-olemme-mukana-JAK.jpg\",\"contentUrl\":\"https:\\\/\\\/jak.fi\\\/wp-content\\\/uploads\\\/2024\\\/09\\\/maatalouskonemessut-olemme-mukana-JAK.jpg\",\"width\":1000,\"height\":667,\"caption\":\"Maatalous konemessut mainos, joka pidet\u00e4\u00e4n Helsingin messukeskuksessa.\"},{\"@type\":\"BreadcrumbList\",\"@id\":\"https:\\\/\\\/jak.fi\\\/es\\\/participaremos-en-la-feria-de-maquinaria-agricola\\\/#breadcrumb\",\"itemListElement\":[{\"@type\":\"ListItem\",\"position\":1,\"name\":\"Etusivu\",\"item\":\"https:\\\/\\\/jak.fi\\\/es\\\/\"},{\"@type\":\"ListItem\",\"position\":2,\"name\":\"\u00a1Participaremos en la Feria de Maquinaria Agr\u00edcola!\"}]},{\"@type\":\"WebSite\",\"@id\":\"https:\\\/\\\/jak.fi\\\/es\\\/#website\",\"url\":\"https:\\\/\\\/jak.fi\\\/es\\\/\",\"name\":\"JAK-Metalli Oy\",\"description\":\"\",\"publisher\":{\"@id\":\"https:\\\/\\\/jak.fi\\\/es\\\/#organization\"},\"alternateName\":\"JAK Tree shears\",\"potentialAction\":[{\"@type\":\"SearchAction\",\"target\":{\"@type\":\"EntryPoint\",\"urlTemplate\":\"https:\\\/\\\/jak.fi\\\/es\\\/?s={search_term_string}\"},\"query-input\":{\"@type\":\"PropertyValueSpecification\",\"valueRequired\":true,\"valueName\":\"search_term_string\"}}],\"inLanguage\":\"es\"},{\"@type\":\"Organization\",\"@id\":\"https:\\\/\\\/jak.fi\\\/es\\\/#organization\",\"name\":\"JAK-Metalli Oy\",\"alternateName\":\"JAK Tree shears\",\"url\":\"https:\\\/\\\/jak.fi\\\/es\\\/\",\"logo\":{\"@type\":\"ImageObject\",\"inLanguage\":\"es\",\"@id\":\"https:\\\/\\\/jak.fi\\\/es\\\/#\\\/schema\\\/logo\\\/image\\\/\",\"url\":\"https:\\\/\\\/jak.fi\\\/wp-content\\\/uploads\\\/2024\\\/09\\\/JAK-logo-696x696-1.jpg\",\"contentUrl\":\"https:\\\/\\\/jak.fi\\\/wp-content\\\/uploads\\\/2024\\\/09\\\/JAK-logo-696x696-1.jpg\",\"width\":696,\"height\":696,\"caption\":\"JAK-Metalli Oy\"},\"image\":{\"@id\":\"https:\\\/\\\/jak.fi\\\/es\\\/#\\\/schema\\\/logo\\\/image\\\/\"},\"sameAs\":[\"https:\\\/\\\/www.facebook.com\\\/jaktreeshears\",\"https:\\\/\\\/www.instagram.com\\\/jaktreeshears\\\/\",\"https:\\\/\\\/www.youtube.com\\\/channel\\\/UCAwvaVhBBkPie8MeAGbdY1w\"]},{\"@type\":\"Person\",\"@id\":\"https:\\\/\\\/jak.fi\\\/es\\\/#\\\/schema\\\/person\\\/27ec2540104a038c5ab97bccdf213fe6\",\"name\":\"Kimmo\",\"url\":\"https:\\\/\\\/jak.fi\\\/es\\\/author\\\/kimmo\\\/\"}]}<\/script>\n<!-- \/ Yoast SEO plugin. -->","yoast_head_json":{"title":"\u00a1Participaremos en la Feria de Maquinaria Agr\u00edcola! &#8211; JAK-Metalli Oy","robots":{"index":"index","follow":"follow","max-snippet":"max-snippet:-1","max-image-preview":"max-image-preview:large","max-video-preview":"max-video-preview:-1"},"canonical":"https:\/\/jak.fi\/es\/participaremos-en-la-feria-de-maquinaria-agricola\/","og_locale":"es_ES","og_type":"article","og_title":"\u00a1Participaremos en la Feria de Maquinaria Agr\u00edcola! &#8211; JAK-Metalli Oy","og_description":"MaatalousKonemessut tarjoavat j\u00e4lleen upean tilaisuuden tutustua maatalouden huipputeknologiaan, alan asiantuntijoihin ja luoda arvokkaita verkostoja. Meill\u00e4 on ilo esitell\u00e4 messuilla nelj\u00e4nnen sukupolven JAK-energiakourat sek\u00e4 innovatiivinen eBoost\u00ae-hydrauliikkaj\u00e4rjestelm\u00e4. T\u00e4m\u00e4 edistynyt j\u00e4rjestelm\u00e4 kaksinkertaistaa energiapuukouran nopeuden ilman tehoh\u00e4vikki\u00e4 ja toimii tehokkaasti jopa matalapaineisilla koneilla tai pienemm\u00e4ll\u00e4 \u00f6ljyn virtauksella. \u00a1Ven a descubrir la revoluci\u00f3n de la eficacia y la rapidez en [&hellip;]","og_url":"https:\/\/jak.fi\/es\/participaremos-en-la-feria-de-maquinaria-agricola\/","og_site_name":"JAK-Metalli Oy","article_publisher":"https:\/\/www.facebook.com\/jaktreeshears","article_published_time":"2024-09-18T12:12:26+00:00","article_modified_time":"2025-04-01T06:56:31+00:00","og_image":[{"width":1000,"height":667,"url":"https:\/\/jak.fi\/wp-content\/uploads\/2024\/09\/maatalouskonemessut-olemme-mukana-JAK.jpg","type":"image\/jpeg"}],"author":"Kimmo","twitter_card":"summary_large_image","twitter_misc":{"Escrito por":"Kimmo","Tiempo de lectura":"1 minuto"},"schema":{"@context":"https:\/\/schema.org","@graph":[{"@type":"Article","@id":"https:\/\/jak.fi\/es\/participaremos-en-la-feria-de-maquinaria-agricola\/#article","isPartOf":{"@id":"https:\/\/jak.fi\/es\/participaremos-en-la-feria-de-maquinaria-agricola\/"},"author":{"name":"Kimmo","@id":"https:\/\/jak.fi\/es\/#\/schema\/person\/27ec2540104a038c5ab97bccdf213fe6"},"headline":"\u00a1Participaremos en la Feria de Maquinaria Agr\u00edcola!","datePublished":"2024-09-18T12:12:26+00:00","dateModified":"2025-04-01T06:56:31+00:00","mainEntityOfPage":{"@id":"https:\/\/jak.fi\/es\/participaremos-en-la-feria-de-maquinaria-agricola\/"},"wordCount":256,"publisher":{"@id":"https:\/\/jak.fi\/es\/#organization"},"image":{"@id":"https:\/\/jak.fi\/es\/participaremos-en-la-feria-de-maquinaria-agricola\/#primaryimage"},"thumbnailUrl":"https:\/\/jak.fi\/wp-content\/uploads\/2024\/09\/maatalouskonemessut-olemme-mukana-JAK.jpg","keywords":["eboost","JAK-Metalli"],"articleSection":["Sin categorizar"],"inLanguage":"es"},{"@type":"WebPage","@id":"https:\/\/jak.fi\/es\/participaremos-en-la-feria-de-maquinaria-agricola\/","url":"https:\/\/jak.fi\/es\/participaremos-en-la-feria-de-maquinaria-agricola\/","name":"\u00a1Participaremos en la Feria de Maquinaria Agr\u00edcola! &#8211; JAK-Metalli Oy","isPartOf":{"@id":"https:\/\/jak.fi\/es\/#website"},"primaryImageOfPage":{"@id":"https:\/\/jak.fi\/es\/participaremos-en-la-feria-de-maquinaria-agricola\/#primaryimage"},"image":{"@id":"https:\/\/jak.fi\/es\/participaremos-en-la-feria-de-maquinaria-agricola\/#primaryimage"},"thumbnailUrl":"https:\/\/jak.fi\/wp-content\/uploads\/2024\/09\/maatalouskonemessut-olemme-mukana-JAK.jpg","datePublished":"2024-09-18T12:12:26+00:00","dateModified":"2025-04-01T06:56:31+00:00","breadcrumb":{"@id":"https:\/\/jak.fi\/es\/participaremos-en-la-feria-de-maquinaria-agricola\/#breadcrumb"},"inLanguage":"es","potentialAction":[{"@type":"ReadAction","target":["https:\/\/jak.fi\/es\/participaremos-en-la-feria-de-maquinaria-agricola\/"]}]},{"@type":"ImageObject","inLanguage":"es","@id":"https:\/\/jak.fi\/es\/participaremos-en-la-feria-de-maquinaria-agricola\/#primaryimage","url":"https:\/\/jak.fi\/wp-content\/uploads\/2024\/09\/maatalouskonemessut-olemme-mukana-JAK.jpg","contentUrl":"https:\/\/jak.fi\/wp-content\/uploads\/2024\/09\/maatalouskonemessut-olemme-mukana-JAK.jpg","width":1000,"height":667,"caption":"Maatalous konemessut mainos, joka pidet\u00e4\u00e4n Helsingin messukeskuksessa."},{"@type":"BreadcrumbList","@id":"https:\/\/jak.fi\/es\/participaremos-en-la-feria-de-maquinaria-agricola\/#breadcrumb","itemListElement":[{"@type":"ListItem","position":1,"name":"Etusivu","item":"https:\/\/jak.fi\/es\/"},{"@type":"ListItem","position":2,"name":"\u00a1Participaremos en la Feria de Maquinaria Agr\u00edcola!"}]},{"@type":"WebSite","@id":"https:\/\/jak.fi\/es\/#website","url":"https:\/\/jak.fi\/es\/","name":"JAK-Metalli Oy","description":"","publisher":{"@id":"https:\/\/jak.fi\/es\/#organization"},"alternateName":"JAK Tree shears","potentialAction":[{"@type":"SearchAction","target":{"@type":"EntryPoint","urlTemplate":"https:\/\/jak.fi\/es\/?s={search_term_string}"},"query-input":{"@type":"PropertyValueSpecification","valueRequired":true,"valueName":"search_term_string"}}],"inLanguage":"es"},{"@type":"Organization","@id":"https:\/\/jak.fi\/es\/#organization","name":"JAK-Metalli Oy","alternateName":"JAK Tree shears","url":"https:\/\/jak.fi\/es\/","logo":{"@type":"ImageObject","inLanguage":"es","@id":"https:\/\/jak.fi\/es\/#\/schema\/logo\/image\/","url":"https:\/\/jak.fi\/wp-content\/uploads\/2024\/09\/JAK-logo-696x696-1.jpg","contentUrl":"https:\/\/jak.fi\/wp-content\/uploads\/2024\/09\/JAK-logo-696x696-1.jpg","width":696,"height":696,"caption":"JAK-Metalli Oy"},"image":{"@id":"https:\/\/jak.fi\/es\/#\/schema\/logo\/image\/"},"sameAs":["https:\/\/www.facebook.com\/jaktreeshears","https:\/\/www.instagram.com\/jaktreeshears\/","https:\/\/www.youtube.com\/channel\/UCAwvaVhBBkPie8MeAGbdY1w"]},{"@type":"Person","@id":"https:\/\/jak.fi\/es\/#\/schema\/person\/27ec2540104a038c5ab97bccdf213fe6","name":"Kimmo","url":"https:\/\/jak.fi\/es\/author\/kimmo\/"}]}},"_links":{"self":[{"href":"https:\/\/jak.fi\/es\/wp-json\/wp\/v2\/posts\/4762","targetHints":{"allow":["GET"]}}],"collection":[{"href":"https:\/\/jak.fi\/es\/wp-json\/wp\/v2\/posts"}],"about":[{"href":"https:\/\/jak.fi\/es\/wp-json\/wp\/v2\/types\/post"}],"author":[{"embeddable":true,"href":"https:\/\/jak.fi\/es\/wp-json\/wp\/v2\/users\/2"}],"replies":[{"embeddable":true,"href":"https:\/\/jak.fi\/es\/wp-json\/wp\/v2\/comments?post=4762"}],"version-history":[{"count":4,"href":"https:\/\/jak.fi\/es\/wp-json\/wp\/v2\/posts\/4762\/revisions"}],"predecessor-version":[{"id":6952,"href":"https:\/\/jak.fi\/es\/wp-json\/wp\/v2\/posts\/4762\/revisions\/6952"}],"wp:featuredmedia":[{"embeddable":true,"href":"https:\/\/jak.fi\/es\/wp-json\/wp\/v2\/media\/4763"}],"wp:attachment":[{"href":"https:\/\/jak.fi\/es\/wp-json\/wp\/v2\/media?parent=4762"}],"wp:term":[{"taxonomy":"category","embeddable":true,"href":"https:\/\/jak.fi\/es\/wp-json\/wp\/v2\/categories?post=4762"},{"taxonomy":"post_tag","embeddable":true,"href":"https:\/\/jak.fi\/es\/wp-json\/wp\/v2\/tags?post=4762"}],"curies":[{"name":"wp","href":"https:\/\/api.w.org\/{rel}","templated":true}]}}